{"id":534,"date":"2009-12-13T20:11:22","date_gmt":"2009-12-13T19:11:22","guid":{"rendered":"http:\/\/oelna.de\/blog\/?p=534"},"modified":"2009-12-13T20:11:22","modified_gmt":"2009-12-13T19:11:22","slug":"i-can-has-island-reseibericht-plz1","status":"publish","type":"post","link":"https:\/\/oelna.de\/blog\/534","title":{"rendered":"I can has Island reseibericht, plz?1"},"content":{"rendered":"<p>F\u00fcr meinen <a href=\"http:\/\/oelna.de\/blog\/?p=518&#038;cpage=1#comment-8797\">\u00fereus\u00feen F\u00e6n<\/a> (und viele an\u00f0ere von euch) gib\u00fe es neben der neuen Korsikafo\u00feos auf F\u00e6cebook jetzt ausser\u00f0em die Fo\u00feos von <a href=\"http:\/\/fieldesign.de\/\" rel=\"external\">Evas<\/a> und meinem affengeilen Urlaub auf Islan\u00f0! Hoffen\u00felich fin\u00f0e ich noch mal die Zei\u00fe, ein bisschen was \u00f0ar\u00fcber zu erz\u00e4hlen, ob hier im Blog, o\u00f0er ganz priva\u00fe (ihr habt meine Nummer.)<br \/>\nEiniges konn\u00fee man auch live \u00fcber meinen <a href=\"http:\/\/twitter.com\/oelna\" rel=\"external\">\u00dewitter\u00e6ccount<\/a> erfahren, oder per <a href=\"http:\/\/twitter.com\/#search?q=oelna%20%23iceland\" rel=\"external\">Suche<\/a> fin\u00f0en (Habe extra <a href=\"http:\/\/birdfeedapp.com\/\" rel=\"external\">Birdfee\u00f0<\/a> gekauft, um meine aktuelle Posi\u00feion auch mi\u00fespeichern zu k\u00f6nnen. <a href=\"http:\/\/www.atebits.com\/tweetie-iphone\/\" rel=\"external\">\u00deweetie<\/a> 2.1 kam ers\u00fe 4 \u00deage sp\u00e6\u00feer raus.)<\/p>\n<p><a href=\"http:\/\/www.facebook.com\/arnorichter\" rel=\"external\">http:\/\/www.f\u00e6cebook.com\/arnorichter<\/a><\/p>\n<p>Ich hoffe, ihr komm\u00fe ers\u00femal klar mit dem F\u00e6cebook. \u00d0ie zwei neuen Pho\u00feoalben haben ja schon ges\u00feern rech\u00fe viel Anklang gefunden, \u00f0a \u00f0enk ich mal, \u00f0as is\u00fe ok so. Aber eins weiss ich schon je\u00fez\u00fe: n\u00e6chs\u00feer Urlaub wieder Islan\u00f0.<\/p>\n","protected":false},"excerpt":{"rendered":"<p>F\u00fcr meinen \u00fereus\u00feen F\u00e6n (und viele an\u00f0ere von euch) gib\u00fe es neben der neuen Korsikafo\u00feos auf F\u00e6cebook jetzt ausser\u00f0em die Fo\u00feos von Evas und meinem affengeilen Urlaub auf Islan\u00f0! Hoffen\u00felich fin\u00f0e ich noch mal die Zei\u00fe, ein bisschen was \u00f0ar\u00fcber zu erz\u00e4hlen, ob hier im Blog, o\u00f0er ganz priva\u00fe (ihr habt meine Nummer.) Einiges konn\u00fee [&hellip;]<\/p>\n","protected":false},"author":1,"featured_media":0,"comment_status":"open","ping_status":"open","sticky":false,"template":"","format":"standard","meta":{"activitypub_content_warning":"","activitypub_content_visibility":"","activitypub_max_image_attachments":4,"activitypub_interaction_policy_quote":"anyone","activitypub_status":"","footnotes":""},"categories":[2,1],"tags":[38,487,490,488,133],"class_list":["post-534","post","type-post","status-publish","format-standard","hentry","category-deutsch","category-general","tag-eva","tag-facebook","tag-island","tag-photo","tag-urlaub"],"_links":{"self":[{"href":"https:\/\/oelna.de\/blog\/wp-json\/wp\/v2\/posts\/534","targetHints":{"allow":["GET"]}}],"collection":[{"href":"https:\/\/oelna.de\/blog\/wp-json\/wp\/v2\/posts"}],"about":[{"href":"https:\/\/oelna.de\/blog\/wp-json\/wp\/v2\/types\/post"}],"author":[{"embeddable":true,"href":"https:\/\/oelna.de\/blog\/wp-json\/wp\/v2\/users\/1"}],"replies":[{"embeddable":true,"href":"https:\/\/oelna.de\/blog\/wp-json\/wp\/v2\/comments?post=534"}],"version-history":[{"count":2,"href":"https:\/\/oelna.de\/blog\/wp-json\/wp\/v2\/posts\/534\/revisions"}],"predecessor-version":[{"id":536,"href":"https:\/\/oelna.de\/blog\/wp-json\/wp\/v2\/posts\/534\/revisions\/536"}],"wp:attachment":[{"href":"https:\/\/oelna.de\/blog\/wp-json\/wp\/v2\/media?parent=534"}],"wp:term":[{"taxonomy":"category","embeddable":true,"href":"https:\/\/oelna.de\/blog\/wp-json\/wp\/v2\/categories?post=534"},{"taxonomy":"post_tag","embeddable":true,"href":"https:\/\/oelna.de\/blog\/wp-json\/wp\/v2\/tags?post=534"}],"curies":[{"name":"wp","href":"https:\/\/api.w.org\/{rel}","templated":true}]}}