{"id":4464,"date":"2026-02-20T21:30:26","date_gmt":"2026-02-20T20:30:26","guid":{"rendered":"https:\/\/oelna.de\/blog\/?p=4464"},"modified":"2026-03-26T12:37:58","modified_gmt":"2026-03-26T11:37:58","slug":"thank-you-for-travelling-with-deutsche-post","status":"publish","type":"post","link":"https:\/\/oelna.de\/blog\/4464","title":{"rendered":"Thank you for travelling with Deutsche Post"},"content":{"rendered":"\n<p>Heute musste ich ein super sperriges Paket (60x60x120) mit DHL verschicken (fragt nicht. \u00fcber eBay nach Italien verkauftes M\u00f6belst\u00fcck). Gestern 2 Stunden lang eingepackt, eine super Kiste aus Karton gebaut, ausgepolstert, abgeklebt \u2026 das volle Tratment.<\/p>\n\n\n\n<p>Heute das Ding also in die Post Filiale gebracht. Die Frau druckt mein Label aus, aber bemerkt auch so nebenher, sie \u00fcbernehme da keine Gew\u00e4hr, dass es nicht zur\u00fcck kommt: es sei nicht rechteckig und auch nicht als Sperrgut gekennzeichnet! Das stimmt schon. Ich wollte das Paket nat\u00fcrlich m\u00f6glichst kompakt und hab daher oben eine Kante so ein paar Grad abgeschr\u00e4gt.<\/p>\n\n\n\n<p>Ich wollte schon ausrasten (mit meinem Paket wortlos wieder heim), als die Frau sagt, sie gibt mir Karton und Klebeband (!), ich k\u00f6nnts ja vielleicht dran basteln.<\/p>\n\n\n\n<p>Nicht umsonst habe ich nat\u00fcrlich Basteln studiert!! 6-7 Minuten sp\u00e4ter war meine Kiste rechtwinklig und dann anscheinend problemlos aufgeb-bar!<\/p>\n\n\n\n<p>Heftig, dass die Post einen auf der einen Seite so schikaniert, auf der anderen Seite dann mit m\u00fctterlicher Hand ins Ziel f\u00fchrt. Extremely mixed signals, aber man muss einen win auch taken, wenn er sich anbietet, wie man sagt.<\/p>\n\n\n\n<p>TIL: macht eure Pakete rechteckig, auch wenn der Inhalt es nicht hergibt!<\/p>\n","protected":false},"excerpt":{"rendered":"<p>Heute musste ich ein super sperriges Paket (60x60x120) mit DHL verschicken (fragt nicht. \u00fcber eBay nach Italien verkauftes M\u00f6belst\u00fcck). Gestern 2 Stunden lang eingepackt, eine super Kiste aus Karton gebaut, ausgepolstert, abgeklebt \u2026 das volle Tratment. Heute das Ding also in die Post Filiale gebracht. Die Frau druckt mein Label aus, aber bemerkt auch so [&hellip;]<\/p>\n","protected":false},"author":1,"featured_media":0,"comment_status":"open","ping_status":"open","sticky":false,"template":"","format":"standard","meta":{"activitypub_content_warning":"","activitypub_content_visibility":"","activitypub_max_image_attachments":4,"activitypub_interaction_policy_quote":"anyone","activitypub_status":"federated","footnotes":""},"categories":[2,859],"tags":[],"class_list":["post-4464","post","type-post","status-publish","format-standard","hentry","category-deutsch","category-thoughts"],"_links":{"self":[{"href":"https:\/\/oelna.de\/blog\/wp-json\/wp\/v2\/posts\/4464","targetHints":{"allow":["GET"]}}],"collection":[{"href":"https:\/\/oelna.de\/blog\/wp-json\/wp\/v2\/posts"}],"about":[{"href":"https:\/\/oelna.de\/blog\/wp-json\/wp\/v2\/types\/post"}],"author":[{"embeddable":true,"href":"https:\/\/oelna.de\/blog\/wp-json\/wp\/v2\/users\/1"}],"replies":[{"embeddable":true,"href":"https:\/\/oelna.de\/blog\/wp-json\/wp\/v2\/comments?post=4464"}],"version-history":[{"count":1,"href":"https:\/\/oelna.de\/blog\/wp-json\/wp\/v2\/posts\/4464\/revisions"}],"predecessor-version":[{"id":4465,"href":"https:\/\/oelna.de\/blog\/wp-json\/wp\/v2\/posts\/4464\/revisions\/4465"}],"wp:attachment":[{"href":"https:\/\/oelna.de\/blog\/wp-json\/wp\/v2\/media?parent=4464"}],"wp:term":[{"taxonomy":"category","embeddable":true,"href":"https:\/\/oelna.de\/blog\/wp-json\/wp\/v2\/categories?post=4464"},{"taxonomy":"post_tag","embeddable":true,"href":"https:\/\/oelna.de\/blog\/wp-json\/wp\/v2\/tags?post=4464"}],"curies":[{"name":"wp","href":"https:\/\/api.w.org\/{rel}","templated":true}]}}