{"id":4457,"date":"2026-02-19T08:55:40","date_gmt":"2026-02-19T07:55:40","guid":{"rendered":"https:\/\/oelna.de\/blog\/?p=4457"},"modified":"2026-02-19T08:55:42","modified_gmt":"2026-02-19T07:55:42","slug":"cyberangriff-auf-die-deutsche-bahn","status":"publish","type":"post","link":"https:\/\/oelna.de\/blog\/4457","title":{"rendered":"Cyberangriff auf die Deutsche Bahn"},"content":{"rendered":"\n<p>Gestern erfuhr ich \u00fcber die aktuellen Probleme bei der Deutschen Bahn, die sie medienwirksam auf einen russischen Cyberangriff zur\u00fcckf\u00fchrt. Ich meine, es klingt alles plausibel daran. Leider ist es nach meinen vergangenen Erfahrungen mit der DB auch super plausibel, dass sie einfach ihre IT mal wieder nicht auf die Reihe bekommen und einen tollen S\u00fcndenbock gefunden haben :D<\/p>\n\n\n\n<p>Fazit ist: ich bin dar\u00fcber eigentlich nicht informiert, aber im Fall der DB kann ich mir die Schadenfreude kaum verkneifen.<\/p>\n","protected":false},"excerpt":{"rendered":"<p>Gestern erfuhr ich \u00fcber die aktuellen Probleme bei der Deutschen Bahn, die sie medienwirksam auf einen russischen Cyberangriff zur\u00fcckf\u00fchrt. Ich meine, es klingt alles plausibel daran. Leider ist es nach meinen vergangenen Erfahrungen mit der DB auch super plausibel, dass sie einfach ihre IT mal wieder nicht auf die Reihe bekommen und einen tollen S\u00fcndenbock [&hellip;]<\/p>\n","protected":false},"author":1,"featured_media":0,"comment_status":"open","ping_status":"open","sticky":false,"template":"","format":"standard","meta":{"activitypub_content_warning":"","activitypub_content_visibility":"","activitypub_max_image_attachments":4,"activitypub_interaction_policy_quote":"anyone","activitypub_status":"federated","footnotes":""},"categories":[2,859],"tags":[],"class_list":["post-4457","post","type-post","status-publish","format-standard","hentry","category-deutsch","category-thoughts"],"_links":{"self":[{"href":"https:\/\/oelna.de\/blog\/wp-json\/wp\/v2\/posts\/4457","targetHints":{"allow":["GET"]}}],"collection":[{"href":"https:\/\/oelna.de\/blog\/wp-json\/wp\/v2\/posts"}],"about":[{"href":"https:\/\/oelna.de\/blog\/wp-json\/wp\/v2\/types\/post"}],"author":[{"embeddable":true,"href":"https:\/\/oelna.de\/blog\/wp-json\/wp\/v2\/users\/1"}],"replies":[{"embeddable":true,"href":"https:\/\/oelna.de\/blog\/wp-json\/wp\/v2\/comments?post=4457"}],"version-history":[{"count":1,"href":"https:\/\/oelna.de\/blog\/wp-json\/wp\/v2\/posts\/4457\/revisions"}],"predecessor-version":[{"id":4458,"href":"https:\/\/oelna.de\/blog\/wp-json\/wp\/v2\/posts\/4457\/revisions\/4458"}],"wp:attachment":[{"href":"https:\/\/oelna.de\/blog\/wp-json\/wp\/v2\/media?parent=4457"}],"wp:term":[{"taxonomy":"category","embeddable":true,"href":"https:\/\/oelna.de\/blog\/wp-json\/wp\/v2\/categories?post=4457"},{"taxonomy":"post_tag","embeddable":true,"href":"https:\/\/oelna.de\/blog\/wp-json\/wp\/v2\/tags?post=4457"}],"curies":[{"name":"wp","href":"https:\/\/api.w.org\/{rel}","templated":true}]}}