{"id":228,"date":"2003-10-18T18:52:30","date_gmt":"2003-10-18T16:52:30","guid":{"rendered":"http:\/\/oelna.de\/blog\/?p=228"},"modified":"2008-04-07T18:35:36","modified_gmt":"2008-04-07T16:35:36","slug":"requiem-for-a-dream","status":"publish","type":"post","link":"https:\/\/oelna.de\/blog\/228","title":{"rendered":"Requiem for a dream"},"content":{"rendered":"<p>An Abus letztem videoabend am samstag haben wir uns diesen streifen zu gemuete gefuehrt. war zwar nicht ganz vergnueglich, aber auf jeden fall sehenswert. wir brauchten 3 folgen Futurama, um uns danach wieder seelisch aufzubauen. Hier ein kurzer Kommentar:<\/p>\n<p><cite>&#8220;Nur wenige w\u00fcrden bestreiten, dass Aronofsky\u2014nach seinem Durchbruch mit dem Film Pi\u2014das Medium Film zu einem beunruhigenden Extrem hinbewegt, indem er den konventionellen Erz\u00e4hlstil in die Panikzone von traumatisierten Psychen und durch chemischen Missbrauchs an ihre \u00e4u\u00dfersten Grenzen gedr\u00e4ngten K\u00f6rper verlagert. Requiem for a Dream als eine Geschichte mit Moral zu bezeichnen, w\u00e4re zu einfach. Es ist vielmehr eine Tour durch die H\u00f6lle, mit Aronofsky als k\u00fchnem und schonungslosem F\u00fchrer.&#8221;<\/cite><\/p>\n<p><a href=\"wp-photos\/2003-00-00\/requiem.png\"><img decoding=\"async\" class=\"content_image\" src=\"wp-photos\/2003-00-00\/requiem.png\" width=\"360\" alt=\"\" \/><\/a><\/p>\n","protected":false},"excerpt":{"rendered":"<p>An Abus letztem videoabend am samstag haben wir uns diesen streifen zu gemuete gefuehrt. war zwar nicht ganz vergnueglich, aber auf jeden fall sehenswert. wir brauchten 3 folgen Futurama, um uns danach wieder seelisch aufzubauen. Hier ein kurzer Kommentar: &#8220;Nur wenige w\u00fcrden bestreiten, dass Aronofsky\u2014nach seinem Durchbruch mit dem Film Pi\u2014das Medium Film zu einem [&hellip;]<\/p>\n","protected":false},"author":1,"featured_media":0,"comment_status":"open","ping_status":"open","sticky":false,"template":"","format":"standard","meta":{"activitypub_content_warning":"","activitypub_content_visibility":"","activitypub_max_image_attachments":4,"activitypub_interaction_policy_quote":"anyone","activitypub_status":"","footnotes":""},"categories":[2,1],"tags":[9,43,236,400],"class_list":["post-228","post","type-post","status-publish","format-standard","hentry","category-deutsch","category-general","tag-film","tag-movie","tag-review","tag-traurig"],"_links":{"self":[{"href":"https:\/\/oelna.de\/blog\/wp-json\/wp\/v2\/posts\/228","targetHints":{"allow":["GET"]}}],"collection":[{"href":"https:\/\/oelna.de\/blog\/wp-json\/wp\/v2\/posts"}],"about":[{"href":"https:\/\/oelna.de\/blog\/wp-json\/wp\/v2\/types\/post"}],"author":[{"embeddable":true,"href":"https:\/\/oelna.de\/blog\/wp-json\/wp\/v2\/users\/1"}],"replies":[{"embeddable":true,"href":"https:\/\/oelna.de\/blog\/wp-json\/wp\/v2\/comments?post=228"}],"version-history":[{"count":0,"href":"https:\/\/oelna.de\/blog\/wp-json\/wp\/v2\/posts\/228\/revisions"}],"wp:attachment":[{"href":"https:\/\/oelna.de\/blog\/wp-json\/wp\/v2\/media?parent=228"}],"wp:term":[{"taxonomy":"category","embeddable":true,"href":"https:\/\/oelna.de\/blog\/wp-json\/wp\/v2\/categories?post=228"},{"taxonomy":"post_tag","embeddable":true,"href":"https:\/\/oelna.de\/blog\/wp-json\/wp\/v2\/tags?post=228"}],"curies":[{"name":"wp","href":"https:\/\/api.w.org\/{rel}","templated":true}]}}