{"id":207,"date":"2008-03-27T13:23:31","date_gmt":"2008-03-27T11:23:31","guid":{"rendered":"http:\/\/oelna.de\/blog\/?p=207"},"modified":"2008-03-31T13:22:41","modified_gmt":"2008-03-31T11:22:41","slug":"die-eva-ist-dran","status":"publish","type":"post","link":"https:\/\/oelna.de\/blog\/207","title":{"rendered":"Die Eva ist dran"},"content":{"rendered":"<p><a href=\"wp-photos\/2008-03-27\/freewall_eefa_large.png\"><img decoding=\"async\" class=\"content_image\" src=\"wp-photos\/2008-03-27\/freewall_eefa_small.jpg\" width=\"360\" alt=\"Die naechsten Freewall Beitraege im April\" \/><\/a><\/p>\n<p>Die Eva ist dran! Ich denke, da d\u00fcrfen wir gespannt sein, was sie in ihrer heissen Diplomphase aus dem \u00c4rmel auf die <a href=\"http:\/\/www.gestaltung.hs-mannheim.de\/thefreewall\/\">Freewall<\/a> zaubert :) Um mir nochmal die M\u00fche zu ersparen verweise ich an dieser Stelle auf <a href=\"?p=192\">meinen Beitrag<\/a> vor einiger Zeit, wo glaub ich auch gesagt wurde, um was es dabei geht.<\/p>\n","protected":false},"excerpt":{"rendered":"<p>Die Eva ist dran! Ich denke, da d\u00fcrfen wir gespannt sein, was sie in ihrer heissen Diplomphase aus dem \u00c4rmel auf die Freewall zaubert :) Um mir nochmal die M\u00fche zu ersparen verweise ich an dieser Stelle auf meinen Beitrag vor einiger Zeit, wo glaub ich auch gesagt wurde, um was es dabei geht.<\/p>\n","protected":false},"author":1,"featured_media":0,"comment_status":"open","ping_status":"open","sticky":false,"template":"","format":"standard","meta":{"activitypub_content_warning":"","activitypub_content_visibility":"","activitypub_max_image_attachments":4,"activitypub_interaction_policy_quote":"anyone","activitypub_status":"","footnotes":""},"categories":[2,1],"tags":[7,32,33,38,34,37,13,12,35,36],"class_list":["post-207","post","type-post","status-publish","format-standard","hentry","category-deutsch","category-general","tag-bild","tag-browser","tag-designwiki","tag-eva","tag-hochschule","tag-layer","tag-montage","tag-photoshop","tag-projekt","tag-studenten"],"_links":{"self":[{"href":"https:\/\/oelna.de\/blog\/wp-json\/wp\/v2\/posts\/207","targetHints":{"allow":["GET"]}}],"collection":[{"href":"https:\/\/oelna.de\/blog\/wp-json\/wp\/v2\/posts"}],"about":[{"href":"https:\/\/oelna.de\/blog\/wp-json\/wp\/v2\/types\/post"}],"author":[{"embeddable":true,"href":"https:\/\/oelna.de\/blog\/wp-json\/wp\/v2\/users\/1"}],"replies":[{"embeddable":true,"href":"https:\/\/oelna.de\/blog\/wp-json\/wp\/v2\/comments?post=207"}],"version-history":[{"count":0,"href":"https:\/\/oelna.de\/blog\/wp-json\/wp\/v2\/posts\/207\/revisions"}],"wp:attachment":[{"href":"https:\/\/oelna.de\/blog\/wp-json\/wp\/v2\/media?parent=207"}],"wp:term":[{"taxonomy":"category","embeddable":true,"href":"https:\/\/oelna.de\/blog\/wp-json\/wp\/v2\/categories?post=207"},{"taxonomy":"post_tag","embeddable":true,"href":"https:\/\/oelna.de\/blog\/wp-json\/wp\/v2\/tags?post=207"}],"curies":[{"name":"wp","href":"https:\/\/api.w.org\/{rel}","templated":true}]}}